{"id":469,"date":"2026-09-02T00:57:53","date_gmt":"2026-09-02T05:57:53","guid":{"rendered":"https:\/\/www.revista-spoiler.com\/?p=469"},"modified":"2026-09-02T00:57:54","modified_gmt":"2026-09-02T05:57:54","slug":"aniquilacion-trailer-subtitulado","status":"publish","type":"post","link":"https:\/\/www.revista-spoiler.com\/es\/aniquilacion-trailer-subtitulado\/","title":{"rendered":"Tres supersolados desatan una carnicer\u00eda en trailer subtitulado de &#8216;Aniquilaci\u00f3n&#8217;"},"content":{"rendered":"<p class=\"wp-block-paragraph\"><em><strong>Aniquilaci\u00f3n<\/strong><\/em> (<strong><em>Onslaught<\/em><\/strong>) tendr\u00e1 distribuci\u00f3n en Latinoam\u00e9rica de la mano de Diamond Films.<\/p>\n\n\n\n<p class=\"wp-block-paragraph\">La distribuidora ha compartido el primer trailer subtitulado del nuevo thriller a cargo de <strong>Adam Wingard<\/strong> (<strong><em>Eres el pr\u00f3ximo<\/em><\/strong>, <strong><em>Godzilla y Kong: el nuevo imperio<\/em><\/strong>). <\/p>\n\n\n\n<p class=\"wp-block-paragraph\">La pel\u00edcula, escrita por <strong>Simon Barrett<\/strong>, le sigue los pasos a una francotiradora (<strong>Adria Arjona<\/strong>) que debe proteger a su peque\u00f1a hija de tres formidables supersolados, gen\u00e9ticamente modificados, que escapan de las instalaciones de un laboratorio militar aleda\u00f1o para acabar con todo lo que se ponga a su paso. <\/p>\n\n\n\n<figure class=\"wp-block-embed is-provider-youtube wp-block-embed-youtube\"><div class=\"wp-block-embed__wrapper\">\n<iframe title=\"ANIQUILACI\u00d3N | TRAILER OFICIAL\" width=\"640\" height=\"360\" src=\"https:\/\/www.youtube.com\/embed\/dRQrD6khw8c?feature=oembed\" frameborder=\"0\" allow=\"accelerometer; autoplay; clipboard-write; encrypted-media; gyroscope; picture-in-picture; web-share\" referrerpolicy=\"strict-origin-when-cross-origin\" allowfullscreen><\/iframe>\n<\/div><\/figure>\n\n\n\n<p class=\"wp-block-paragraph\"><em>Aniquilaci\u00f3n<\/em> llegar\u00eda a cines de Latinoam\u00e9rica entre septiembre u octubre. <\/p>\n\n\n\n<p class=\"wp-block-paragraph\">Su reparto lo completan <strong>Dan Stevens<\/strong>, <strong>Michael Biehn<\/strong> y <strong>Rebecca Hall<\/strong>. <\/p>\n\n\n\n<figure class=\"wp-block-embed\"><div class=\"wp-block-embed__wrapper\">\nhttps:\/\/www.instagram.com\/p\/DcuUxpRiR8g\/?hl=en\n<\/div><\/figure>","protected":false},"excerpt":{"rendered":"<p>La pel\u00edcula es una coproducci\u00f3n de A24. <\/p>","protected":false},"author":1,"featured_media":470,"comment_status":"open","ping_status":"open","sticky":false,"template":"","format":"standard","meta":{"footnotes":""},"categories":[11],"tags":[76,32,75,128,28,74,23],"class_list":["post-469","post","type-post","status-publish","format-standard","has-post-thumbnail","hentry","category-noticias","tag-adam-wingard","tag-adelanto","tag-adria-arjona","tag-alex-pereira","tag-estreno","tag-onslaught","tag-trailer"],"_links":{"self":[{"href":"https:\/\/www.revista-spoiler.com\/es\/wp-json\/wp\/v2\/posts\/469","targetHints":{"allow":["GET"]}}],"collection":[{"href":"https:\/\/www.revista-spoiler.com\/es\/wp-json\/wp\/v2\/posts"}],"about":[{"href":"https:\/\/www.revista-spoiler.com\/es\/wp-json\/wp\/v2\/types\/post"}],"author":[{"embeddable":true,"href":"https:\/\/www.revista-spoiler.com\/es\/wp-json\/wp\/v2\/users\/1"}],"replies":[{"embeddable":true,"href":"https:\/\/www.revista-spoiler.com\/es\/wp-json\/wp\/v2\/comments?post=469"}],"version-history":[{"count":5,"href":"https:\/\/www.revista-spoiler.com\/es\/wp-json\/wp\/v2\/posts\/469\/revisions"}],"predecessor-version":[{"id":475,"href":"https:\/\/www.revista-spoiler.com\/es\/wp-json\/wp\/v2\/posts\/469\/revisions\/475"}],"wp:featuredmedia":[{"embeddable":true,"href":"https:\/\/www.revista-spoiler.com\/es\/wp-json\/wp\/v2\/media\/470"}],"wp:attachment":[{"href":"https:\/\/www.revista-spoiler.com\/es\/wp-json\/wp\/v2\/media?parent=469"}],"wp:term":[{"taxonomy":"category","embeddable":true,"href":"https:\/\/www.revista-spoiler.com\/es\/wp-json\/wp\/v2\/categories?post=469"},{"taxonomy":"post_tag","embeddable":true,"href":"https:\/\/www.revista-spoiler.com\/es\/wp-json\/wp\/v2\/tags?post=469"}],"curies":[{"name":"wp","href":"https:\/\/api.w.org\/{rel}","templated":true}]}}