{"id":421,"date":"2026-08-28T01:49:57","date_gmt":"2026-08-28T06:49:57","guid":{"rendered":"https:\/\/www.revista-spoiler.com\/?p=421"},"modified":"2026-08-30T16:18:09","modified_gmt":"2026-08-30T21:18:09","slug":"la-caida-de-la-ballena-nuevo-trailer","status":"publish","type":"post","link":"https:\/\/www.revista-spoiler.com\/es\/la-caida-de-la-ballena-nuevo-trailer\/","title":{"rendered":"Un buzo es tragado por una ballena blanca en nuevo trailer de &#8216;La ca\u00edda de la ballena&#8217;"},"content":{"rendered":"<p class=\"wp-block-paragraph\">El concepto de un personaje, una sola locaci\u00f3n (casi) es llevado al extremo en <strong><em>La ca\u00edda de la ballena<\/em><\/strong>.<\/p>\n\n\n\n<p class=\"wp-block-paragraph\"><strong>Warner Bros.<\/strong> ha lanzado un nuevo adelanto de este claustrof\u00f3bico thriller, adaptado de una novela publicada en 2023, que encuentra a un buzo (<strong>Austin Abrams<\/strong>, <em><strong>Resident Evil: Noche cero<\/strong><\/em>) en una lucha por sobrevivir en el interior de una ballena blanca (una cachalote, para ser m\u00e1s espec\u00edficos) que se lo traga vivo durante una expedici\u00f3n en el mar.<\/p>\n\n\n\n<figure class=\"wp-block-embed is-type-video is-provider-youtube wp-block-embed-youtube wp-embed-aspect-16-9 wp-has-aspect-ratio\"><div class=\"wp-block-embed__wrapper\">\n<iframe title=\"La Ca\u00edda de la Ballena | Tr\u00e1iler Oficial | Doblado\" width=\"640\" height=\"360\" src=\"https:\/\/www.youtube.com\/embed\/6fPkAv0kDvo?feature=oembed\" frameborder=\"0\" allow=\"accelerometer; autoplay; clipboard-write; encrypted-media; gyroscope; picture-in-picture; web-share\" referrerpolicy=\"strict-origin-when-cross-origin\" allowfullscreen><\/iframe>\n<\/div><\/figure>\n\n\n\n<p class=\"wp-block-paragraph\"><em>La ca\u00edda de la ballena<\/em> es dirigida y coescrita por <strong>Brian Duffield<\/strong> (<em><strong>No One Will Save You<\/strong><\/em>) y tambi\u00e9n cuenta en su elenco con <strong>Josh Brolin<\/strong>, <strong>Jane Levy<\/strong>, <strong>John Ortiz<\/strong> y <strong>Elisabeth Shue<\/strong>.<\/p>\n\n\n\n<p class=\"wp-block-paragraph\">La pel\u00edcula arriba a cines de Latinoam\u00e9rica este 16 de octubre. <\/p>","protected":false},"excerpt":{"rendered":"<p>Como enterrado, solo que dentro de un pez gigante. <\/p>","protected":false},"author":1,"featured_media":423,"comment_status":"open","ping_status":"open","sticky":false,"template":"","format":"standard","meta":{"footnotes":""},"categories":[10,73],"tags":[34,24,111,28,116,110,23],"class_list":["post-421","post","type-post","status-publish","format-standard","has-post-thumbnail","hentry","category-trailers","category-portada","tag-austin-abrams","tag-avance","tag-brian-duffield","tag-estreno","tag-josh-brolin","tag-la-caida-de-la-ballena","tag-trailer"],"_links":{"self":[{"href":"https:\/\/www.revista-spoiler.com\/es\/wp-json\/wp\/v2\/posts\/421","targetHints":{"allow":["GET"]}}],"collection":[{"href":"https:\/\/www.revista-spoiler.com\/es\/wp-json\/wp\/v2\/posts"}],"about":[{"href":"https:\/\/www.revista-spoiler.com\/es\/wp-json\/wp\/v2\/types\/post"}],"author":[{"embeddable":true,"href":"https:\/\/www.revista-spoiler.com\/es\/wp-json\/wp\/v2\/users\/1"}],"replies":[{"embeddable":true,"href":"https:\/\/www.revista-spoiler.com\/es\/wp-json\/wp\/v2\/comments?post=421"}],"version-history":[{"count":5,"href":"https:\/\/www.revista-spoiler.com\/es\/wp-json\/wp\/v2\/posts\/421\/revisions"}],"predecessor-version":[{"id":458,"href":"https:\/\/www.revista-spoiler.com\/es\/wp-json\/wp\/v2\/posts\/421\/revisions\/458"}],"wp:featuredmedia":[{"embeddable":true,"href":"https:\/\/www.revista-spoiler.com\/es\/wp-json\/wp\/v2\/media\/423"}],"wp:attachment":[{"href":"https:\/\/www.revista-spoiler.com\/es\/wp-json\/wp\/v2\/media?parent=421"}],"wp:term":[{"taxonomy":"category","embeddable":true,"href":"https:\/\/www.revista-spoiler.com\/es\/wp-json\/wp\/v2\/categories?post=421"},{"taxonomy":"post_tag","embeddable":true,"href":"https:\/\/www.revista-spoiler.com\/es\/wp-json\/wp\/v2\/tags?post=421"}],"curies":[{"name":"wp","href":"https:\/\/api.w.org\/{rel}","templated":true}]}}