{"id":322,"date":"2026-08-15T17:21:16","date_gmt":"2026-08-15T22:21:16","guid":{"rendered":"https:\/\/www.revista-spoiler.com\/?p=322"},"modified":"2026-08-16T01:42:47","modified_gmt":"2026-08-16T06:42:47","slug":"palmares-del-festival-de-cine-de-locarno","status":"publish","type":"post","link":"https:\/\/www.revista-spoiler.com\/es\/palmares-del-festival-de-cine-de-locarno\/","title":{"rendered":"Palmar\u00e9s del Festival de Cine de Locarno 2026"},"content":{"rendered":"<div data-elementor-type=\"wp-post\" data-elementor-id=\"322\" class=\"elementor elementor-322\">\n\t\t\t\t<div class=\"elementor-element elementor-element-d79948f e-con e-atomic-element e-flexbox-base e-6f144b2\" data-id=\"d79948f\" data-element_type=\"e-flexbox\" data-e-type=\"e-flexbox\" data-interaction-id=\"d79948f\">\n    <div class=\"elementor-element elementor-element-44f606f e-con e-atomic-element e-flexbox-base e-44cdc11\" data-id=\"44f606f\" data-element_type=\"e-flexbox\" data-e-type=\"e-flexbox\" data-interaction-id=\"44f606f\">\n    \t\t<div class=\"elementor-element elementor-element-298ee76 elementor-widget elementor-widget-text-editor\" data-id=\"298ee76\" data-element_type=\"widget\" data-e-type=\"widget\" data-widget_type=\"text-editor.default\">\n\t\t\t\t\t\t\t\t\t<p><strong><em>You Don&#8217;t Belong Here<\/em><\/strong> fue la gran ganadora de la edici\u00f3n 2026 del <strong>Festival de Cine de Locarno<\/strong>.<\/p>\n<p><!-- \/wp:paragraph --><!-- wp:paragraph --><\/p>\n<p>El drama del director rumano <strong>Florin Serban<\/strong> (<em><strong>If I Want to Whistle, I Whistle<\/strong><\/em>, <em><strong>Box<\/strong><\/em>) se adjudic\u00f3 el prestigioso <b>Pardo d&#8217;Or<\/b>.<\/p>\n<p><!-- \/wp:paragraph --><!-- wp:paragraph --><\/p>\n<p>Todos las pel\u00edculas de la competici\u00f3n principal se proyectaron desde la tradicional Piazza Grande de Locarno que alberga a\u00f1o a a\u00f1o aproximadamente a 7,000 asistentes.\u00a0<\/p>\n<p>El reconocimiento a mejor director acab\u00f3 en manos del autor surcoreano <strong>Hong Sangsoo<\/strong> (<em><strong>In Water<\/strong><\/em>) por <strong><em>Nowhere to<\/em><\/strong> <em><strong>Lay My Eyes<\/strong><\/em>.<\/p>\n<p>El galard\u00f3n a mejor interpretaci\u00f3n fue compartido entre <strong>Kim Minhee<\/strong> (<em><strong>Nowhere to Lay My Eyes<\/strong><\/em>) y <strong>Monica Bellucci<\/strong>, protagonista del drama italiano <em><strong>Kettic\u00e9<\/strong><\/em>.\u00a0<\/p>\n<p>Fuera del concurso internacional se destaca la victoria de la fot\u00f3grafa argentina <strong>Alessandra Sanguinetti<\/strong> por <em><strong>Un verano sin fin<\/strong><\/em>, obra que le vali\u00f3 el Pardo d&#8217;Or y el premio a Mejor \u00d3pera Prima.\u00a0<\/p>\n<p>El jurado de esta nueva cita del encuentro fue presidido por el realizador belga <strong>Fabrice du Welz<\/strong>.<\/p>\n<p><strong>Concurso Internacional<\/strong><\/p>\n<p><!-- \/wp:paragraph --><!-- wp:paragraph --><\/p>\n<p><strong>Leopardo de Oro<\/strong><\/p>\n<p><!-- \/wp:paragraph --><!-- wp:list --><\/p>\n<ul class=\"wp-block-list\">\n<li style=\"list-style-type: none;\">\n<ul class=\"wp-block-list\"><!-- wp:list-item --><\/ul>\n<\/li>\n<\/ul>\n<ul>\n<li><em>You Don&#8217;t Belong Here<\/em>, Florin Serban &#8211; Rumania<\/li>\n<\/ul>\n<p><!-- \/wp:list-item --><\/p>\n<p><!-- \/wp:list --><!-- wp:paragraph --><\/p>\n<p><strong>Premio Especial del Jurado<\/strong><\/p>\n<p><!-- \/wp:paragraph --><!-- wp:list --><\/p>\n<ul class=\"wp-block-list\">\n<li style=\"list-style-type: none;\">\n<ul class=\"wp-block-list\"><!-- wp:list-item --><\/ul>\n<\/li>\n<\/ul>\n<ul>\n<li><em>The Riverbank<\/em>, Matheus Farias, Enock Carvalho &#8211; Alemania\/ Brasil<\/li>\n<\/ul>\n<p><!-- \/wp:list-item --><\/p>\n<p><!-- \/wp:list --><!-- wp:paragraph --><\/p>\n<p><strong>Pardo a Mejor Direcci\u00f3n<\/strong><\/p>\n<p><!-- \/wp:paragraph --><!-- wp:list --><\/p>\n<ul class=\"wp-block-list\">\n<li style=\"list-style-type: none;\">\n<ul class=\"wp-block-list\"><!-- wp:list-item --><\/ul>\n<\/li>\n<\/ul>\n<ul>\n<li>Hong Sangsoo por <em>Nowhere to Lay My Eyes<\/em> &#8211; Corea del Sur<\/li>\n<\/ul>\n<p><!-- \/wp:list-item --><\/p>\n<p><!-- \/wp:list --><!-- wp:paragraph --><\/p>\n<p><strong>Pardo a Mejor Actuaci\u00f3n<\/strong><\/p>\n<p><!-- \/wp:paragraph --><!-- wp:list --><\/p>\n<ul class=\"wp-block-list\">\n<li style=\"list-style-type: none;\">\n<ul class=\"wp-block-list\"><!-- wp:list-item --><\/ul>\n<\/li>\n<\/ul>\n<ul>\n<li>Kim Minhee por <em>Nowhere to Lay My Eyes<\/em> &#8211; Corea del Sur<\/li>\n<\/ul>\n<p><!-- \/wp:list-item --><\/p>\n<p><!-- \/wp:list --><!-- wp:paragraph --><\/p>\n<p><strong>Pardo a Mejor Actuaci\u00f3n<\/strong><\/p>\n<p><!-- \/wp:paragraph --><!-- wp:list --><\/p>\n<ul class=\"wp-block-list\">\n<li style=\"list-style-type: none;\">\n<ul class=\"wp-block-list\"><!-- wp:list-item --><\/ul>\n<\/li>\n<\/ul>\n<ul>\n<li>Monica Belucci por <em>Kettic\u00e9<\/em> &#8211; Italia<\/li>\n<\/ul>\n<p><!-- \/wp:list-item --><\/p>\n<p><!-- \/wp:list --><!-- wp:paragraph --><\/p>\n<p><strong>Menci\u00f3n Especial<\/strong><\/p>\n<p><!-- \/wp:paragraph --><!-- wp:list --><\/p>\n<ul class=\"wp-block-list\">\n<li style=\"list-style-type: none;\">\n<ul class=\"wp-block-list\"><!-- wp:list-item --><\/ul>\n<\/li>\n<li>Xavier Bergeron por <em>Violence du corps de l&#8217;autre<\/em>, Denis C\u00f4te &#8211; Canad\u00e1<\/li>\n<\/ul>\n<p><!-- \/wp:paragraph --><!-- wp:paragraph --><\/p>\t\t\t\t\t\t\t\t<\/div>\n\t\t\n<\/div>\n<div class=\"elementor-element elementor-element-93ac720 e-con e-atomic-element e-flexbox-base e-d65ab80\" data-id=\"93ac720\" data-element_type=\"e-flexbox\" data-e-type=\"e-flexbox\" data-interaction-id=\"93ac720\">\n    \t\t<div class=\"elementor-element elementor-element-9537104 elementor-widget elementor-widget-text-editor\" data-id=\"9537104\" data-element_type=\"widget\" data-e-type=\"widget\" data-widget_type=\"text-editor.default\">\n\t\t\t\t\t\t\t\t\t<p><strong>Concurso Cineastas del Presente<\/strong><\/p>\n<p><!-- \/wp:paragraph --><!-- wp:list --><\/p>\n<ul class=\"wp-block-list\"><!-- wp:list-item -->\n<li>La ilusi\u00f3n de un verano sin fin, Alessandra Sanguinetti &#8211; Argentina\/ Estados Unidos<\/li>\n<!-- \/wp:list-item --><\/ul>\n<p><!-- \/wp:list --><!-- wp:paragraph --><\/p>\n<p><strong>Mejor Director Emergente<\/strong><\/p>\n<p><!-- \/wp:paragraph --><!-- wp:list --><\/p>\n<ul class=\"wp-block-list\"><!-- wp:list-item -->\n<li>Beatrice Gibson por <em>At Night<\/em> &#8211; Reino Unido\/ Francia<\/li>\n<!-- \/wp:list-item --><\/ul>\n<p><!-- \/wp:list --><!-- wp:paragraph --><\/p>\n<p><strong>Premio Especial del Jurado Cine+Ocs<\/strong><\/p>\n<p><!-- \/wp:paragraph --><!-- wp:list --><\/p>\n<ul class=\"wp-block-list\"><!-- wp:list-item -->\n<li><em>Revolutionaries Never Die<\/em>, Mohanad Yaqubi &#8211; Palestina\/ B\u00e9lgica\/ Catar<\/li>\n<!-- \/wp:list-item --><\/ul>\n<p><!-- \/wp:list --><!-- wp:paragraph --><\/p>\n<p><strong>Pardo a Mejor Actuaci\u00f3n<\/strong><\/p>\n<p><!-- \/wp:paragraph --><!-- wp:list --><\/p>\n<ul class=\"wp-block-list\"><!-- wp:list-item -->\n<li>Idrissu Tontie Jr. por <em>Ego Reach We All<\/em> &#8211; Ghana\/ Francia\/ Arabia Saudita<\/li>\n<!-- \/wp:list-item --><\/ul>\n<p><!-- \/wp:list --><!-- wp:paragraph --><\/p>\n<p><strong>Pardo a Mejor Actuaci\u00f3n<\/strong><\/p>\n<p><!-- \/wp:paragraph --><!-- wp:list --><\/p>\n<ul class=\"wp-block-list\"><!-- wp:list-item -->\n<li>Manal Issa por <em>L&#8217;estive<\/em> &#8211; B\u00e9lgica\/ Francia<\/li>\n<!-- \/wp:list-item --><\/ul>\n<p><!-- \/wp:list --><!-- wp:paragraph --><\/p>\n<p><strong>Menci\u00f3n Especial<\/strong><\/p>\n<p><!-- \/wp:paragraph --><!-- wp:list --><\/p>\n<ul class=\"wp-block-list\"><!-- wp:list-item -->\n<li><em>Los d\u00edas libres<\/em>, Lucila Mariani &#8211; Argentina\/ Brasil\/ M\u00e9xico\/ Francia<\/li>\n<!-- \/wp:list-item --><\/ul>\n<p><!-- \/wp:list --><!-- wp:paragraph --><\/p>\n<p><strong>Menci\u00f3n Especial <\/strong><\/p>\n<p><!-- \/wp:paragraph --><!-- wp:list --><\/p>\n<ul class=\"wp-block-list\"><!-- wp:list-item -->\n<li>Hanabi, Ana Vaz &#8211; Francia\/ Brasil<\/li>\n<\/ul>\n<p>El festival tambi\u00e9n rindi\u00f3 honor a la carrera de la actriz y directora <strong>Asia Argento<\/strong>, concedi\u00e9ndole un <em>Lifetime Achievement Award<\/em>.\u00a0<\/p>\n<p>Algunas de las pel\u00edculas y cortometrajes de Argento de han proyectado en festivales como <strong>Cannes<\/strong>.\u00a0<\/p>\n<p>\u00a0<\/p>\n<blockquote class=\"twitter-tweet\" data-media-max-width=\"560\">\n<p dir=\"ltr\" lang=\"en\">Piazza Grande brought very happy tears to <a href=\"https:\/\/x.com\/hashtag\/AsiaArgento?src=hash&amp;ref_src=twsrc%5Etfw\">#AsiaArgento<\/a>\u2019s eyes. Last night the legendary Italian actress and director received our <a href=\"https:\/\/x.com\/hashtag\/Locarno79?src=hash&amp;ref_src=twsrc%5Etfw\">#Locarno79<\/a> Life Achievement Award, a celebration of her glowing career and iconic roles. <a href=\"https:\/\/t.co\/pN4Vimu2EA\">pic.twitter.com\/pN4Vimu2EA<\/a><\/p>\n\u2014 Locarno Film Festival (@FilmFestLocarno) <a href=\"https:\/\/x.com\/FilmFestLocarno\/status\/2088302126451851594?ref_src=twsrc%5Etfw\">August 14, 2026<\/a><\/blockquote>\n<p><script async src=\"https:\/\/platform.x.com\/widgets.js\" charset=\"utf-8\"><\/script><\/p>\t\t\t\t\t\t\t\t<\/div>\n\t\t\n<\/div>\n\n<\/div>\n\t\t<\/div>","protected":false},"excerpt":{"rendered":"<p>Monica Bellucci coleccion\u00f3 un premio a Mejor Actuaci\u00f3n<\/p>","protected":false},"author":1,"featured_media":324,"comment_status":"open","ping_status":"open","sticky":false,"template":"","format":"standard","meta":{"footnotes":""},"categories":[73],"tags":[87,84,90,89,83,85,86,88],"class_list":["post-322","post","type-post","status-publish","format-standard","has-post-thumbnail","hentry","category-portada","tag-alessandra-sanguinetti","tag-festival-de-cine-de-locarno","tag-florian-serban","tag-la-ilusion-de-un-verano-sin-fin","tag-locarno","tag-palmares","tag-resultados","tag-you-dont-belong-here"],"_links":{"self":[{"href":"https:\/\/www.revista-spoiler.com\/es\/wp-json\/wp\/v2\/posts\/322","targetHints":{"allow":["GET"]}}],"collection":[{"href":"https:\/\/www.revista-spoiler.com\/es\/wp-json\/wp\/v2\/posts"}],"about":[{"href":"https:\/\/www.revista-spoiler.com\/es\/wp-json\/wp\/v2\/types\/post"}],"author":[{"embeddable":true,"href":"https:\/\/www.revista-spoiler.com\/es\/wp-json\/wp\/v2\/users\/1"}],"replies":[{"embeddable":true,"href":"https:\/\/www.revista-spoiler.com\/es\/wp-json\/wp\/v2\/comments?post=322"}],"version-history":[{"count":11,"href":"https:\/\/www.revista-spoiler.com\/es\/wp-json\/wp\/v2\/posts\/322\/revisions"}],"predecessor-version":[{"id":359,"href":"https:\/\/www.revista-spoiler.com\/es\/wp-json\/wp\/v2\/posts\/322\/revisions\/359"}],"wp:featuredmedia":[{"embeddable":true,"href":"https:\/\/www.revista-spoiler.com\/es\/wp-json\/wp\/v2\/media\/324"}],"wp:attachment":[{"href":"https:\/\/www.revista-spoiler.com\/es\/wp-json\/wp\/v2\/media?parent=322"}],"wp:term":[{"taxonomy":"category","embeddable":true,"href":"https:\/\/www.revista-spoiler.com\/es\/wp-json\/wp\/v2\/categories?post=322"},{"taxonomy":"post_tag","embeddable":true,"href":"https:\/\/www.revista-spoiler.com\/es\/wp-json\/wp\/v2\/tags?post=322"}],"curies":[{"name":"wp","href":"https:\/\/api.w.org\/{rel}","templated":true}]}}