{"id":228,"date":"2026-08-08T03:32:07","date_gmt":"2026-08-08T03:32:07","guid":{"rendered":"https:\/\/www.revista-spoiler.com\/?p=228"},"modified":"2026-08-13T22:54:39","modified_gmt":"2026-08-14T03:54:39","slug":"entrevista-momoko-seto-el-gran-viaje","status":"publish","type":"post","link":"https:\/\/www.revista-spoiler.com\/es\/entrevista-momoko-seto-el-gran-viaje\/","title":{"rendered":"Entrevista con Momoko Seto, directora de &#8216;El gran viaje&#8217;"},"content":{"rendered":"<div data-elementor-type=\"wp-post\" data-elementor-id=\"228\" class=\"elementor elementor-228\">\n\t\t\t\t<div class=\"elementor-element elementor-element-ae759a8 e-grid e-con-boxed e-con e-parent\" data-id=\"ae759a8\" data-element_type=\"container\" data-e-type=\"container\">\n\t\t\t\t\t<div class=\"e-con-inner\">\n\t\t\t\t<div class=\"elementor-element elementor-element-7d3ccdb elementor-widget elementor-widget-text-editor\" data-id=\"7d3ccdb\" data-element_type=\"widget\" data-e-type=\"widget\" data-widget_type=\"text-editor.default\">\n\t\t\t\t\t\t\t\t\t<p>Si bien el descomunal \u00e9xito de <em><strong>Flow<\/strong><\/em> (Gints Zilbadolis, 2024) devolvi\u00f3 al cine animado mudo a las corrientes mainstream de la cinefilia, <strong>Momoko Seto<\/strong>, realizadora e investigadora japonesa afincada en Francia, ya ven\u00eda experimentando con narrativas &#8211; y t\u00e9cnicas &#8211; fuera de la norma. En el caso de su primer largometraje <em><strong>El gran viaje <\/strong><\/em>(<strong><em>Plan\u00e8tes<\/em><\/strong>), cuatro semillas de diente de le\u00f3n que flotan por diversos mundos despu\u00e9s de que un holocausto nuclear barre con la Tierra.<\/p>\n<p><\/p>\n<p class=\"wp-block-paragraph\"><em>El gran viaje<\/em>, ganadora del premio FIPRESCI en <strong>Cannes<\/strong>, llega a fines de agosto a salas de cine de Latinoam\u00e9rica de la mano de <strong>Cinetopia<\/strong>. A inicios de a\u00f1o, <strong>Revista Spoiler<\/strong> tuvo la oportunidad de conversar mano a mano con la cineasta nipona sobre la ambientaci\u00f3n apocal\u00edptica del relato, su fascinaci\u00f3n por las plantas y las dificultades de realizar una animaci\u00f3n que no se gu\u00eda por di\u00e1logos.<\/p>\n<p><\/p>\n<p class=\"wp-block-paragraph\"><strong>\u00bfQu\u00e9 te convenci\u00f3 a contar la historia a trav\u00e9s de un diente de le\u00f3n?<\/strong><\/p>\n<p><\/p>\n<p class=\"wp-block-paragraph\">\u00abLa idea era escribir una pel\u00edcula de acci\u00f3n con plantas. Como si estuvi\u00e9ramos viendo una pel\u00edcula como <b style=\"font-style: italic;\">Indiana Jones<\/b>, pero sin humanos. Por mucho tiempo me han interesado las plantas, los hongos&#8230; No realmente animales como gatos o perros. Personajes que no sean comunes en el cine. Mi idea era contar una historia sobre la acci\u00f3n, no un documental, no una explicaci\u00f3n de la naturaleza. Una pel\u00edcula de acci\u00f3n con plantas. Entonces esa fue mi idea inicial. Y si quieres escribir una pel\u00edcula de acci\u00f3n con plantas, las semillas son los mejores actores porque se mueven, pueden volar, pueden nadar, puede transportarse sobre otros animales. Entonces tienen muchas t\u00e9cnicas para moverse. Y como el cine es movimiento, pens\u00e9 que tener una semilla era una buena idea para escribir esta pel\u00edcula.<\/p>\n<p><strong>\u00bfCu\u00e1l fue la inspiraci\u00f3n para la ambientaci\u00f3n post-nuclear?<\/strong><\/p>\n<p><strong><\/strong><\/p>\n<p class=\"wp-block-paragraph\">\u00abLa parte nuclear representa la presencia del ser humano. Fue el momento en que destruyen la Tierra. <b>La bomba representa la \u00fanica presencia del ser humano en la pel\u00edcula<\/b>.<\/p>\n<p><\/p>\t\t\t\t\t\t\t\t<\/div>\n\t\t\t\t<div class=\"elementor-element elementor-element-8233aa6 elementor-widget elementor-widget-text-editor\" data-id=\"8233aa6\" data-element_type=\"widget\" data-e-type=\"widget\" data-widget_type=\"text-editor.default\">\n\t\t\t\t\t\t\t\t\t<p>No es que me gusten las pel\u00edculas post-apocal\u00edpticas, porque tan pronto como (las semillas) entran al agujero negro y llegan a este nuevo lugar, a este espacio-tiempo, no sabemos si es un planeta antes o despu\u00e9s de que llegaran los humanos, porque el planeta est\u00e1 completamente congelado. As\u00ed que es la Tierra dos mil millones de a\u00f1os antes de que los humanos llegaran. Para m\u00ed, cuando algo destruye la tierra, es el ser humano. Entonces es obvio que no fue un asteroide, sino una bomba\u00bb<\/p>\n<p><\/p>\n<p class=\"wp-block-paragraph\"><strong>\u00bfCrees que hay p\u00fablico un para una animaci\u00f3n sin di\u00e1logos?<\/strong><\/p>\n<p><\/p>\n<p class=\"wp-block-paragraph\">\u00abS\u00ed. Obvio. En la animaci\u00f3n, tradicionalmente hay mucho di\u00e1logo. <strong><em>Fantas\u00eda<\/em><\/strong>, <strong><em>Min\u00fasculos<\/em><\/strong>, <strong><em>La tortuga roja<\/em><\/strong>. Hay muchas pel\u00edculas animadas sin di\u00e1logo. Para m\u00ed no fue un problema convencer a los financiadores porque es m\u00e1s f\u00e1cil para todos cuando alguien te explica lo que est\u00e1s viendo. Yo no busco lo f\u00e1cil. Busco una sensibilidad, una profundidad en nuestra capacidad para comunicarnos a trav\u00e9s del arte. A trav\u00e9s de las im\u00e1genes. A trav\u00e9s de la historia. A trav\u00e9s del sonido. Del montaje. Se trata de c\u00f3mo podemos sentir mejor algo de emoci\u00f3n, sin palabras. Pero usando esas herramientas art\u00edsticas.<\/p>\n<p>Esta ma\u00f1ana estuve con un p\u00fablico joven y les pregunt\u00e9 si entendieron todo y me dijeron que s\u00ed, que entendieron todo. Que no hab\u00eda necesidad de tener un voice over, de tener di\u00e1logo. Con un p\u00fablico joven ya no neceistamos explicarlo porque la pel\u00edcula est\u00e1 escrita de una manera para que t\u00fa pudas entender la historia y todo el sentir. Y eso es m\u00e1s fuerte porque puedes capturar los matices y un nivel de detalle que si lo pones en palabras ser\u00e1 un estereotipo. As\u00ed que para m\u00ed fue un reto art\u00edstico, porque tienes que hacerte cargo del sonido, del montaje, la direcci\u00f3n para que sea una narrativa emocional, As\u00ed que es un reto, pero no es un problema \u00ab<\/p>\n<p><\/p>\t\t\t\t\t\t\t\t<\/div>\n\t\t\t\t\t<\/div>\n\t\t\t\t<\/div>\n\t\t<div class=\"elementor-element elementor-element-d231749 e-con e-atomic-element e-flexbox-base e-40e00f9\" data-id=\"d231749\" data-element_type=\"e-flexbox\" data-e-type=\"e-flexbox\" data-interaction-id=\"d231749\">\n    \t\t\t<img fetchpriority=\"high\" decoding=\"async\" class=\"e-image-base e-1199b16-ca3acf6\" data-interaction-id=\"1199b16\" id=\"247\" src=\"https:\/\/www.revista-spoiler.com\/wp-content\/uploads\/2026\/08\/El-gran-viaje.avif\" width=\"900\" height=\"500\" srcset=\"https:\/\/www.revista-spoiler.com\/wp-content\/uploads\/2026\/08\/El-gran-viaje.avif 900w, https:\/\/www.revista-spoiler.com\/wp-content\/uploads\/2026\/08\/El-gran-viaje-300x167.jpg 300w, https:\/\/www.revista-spoiler.com\/wp-content\/uploads\/2026\/08\/El-gran-viaje-768x427.jpg 768w, https:\/\/www.revista-spoiler.com\/wp-content\/uploads\/2026\/08\/El-gran-viaje-18x10.jpg 18w\" alt=\"\"\/>\t\t\n<\/div>\n<div class=\"elementor-element elementor-element-697791f e-con e-atomic-element e-flexbox-base e-ca96267\" data-id=\"697791f\" data-element_type=\"e-flexbox\" data-e-type=\"e-flexbox\" data-interaction-id=\"697791f\">\n    <div class=\"elementor-element elementor-element-47e7e36 e-con e-atomic-element e-flexbox-base e-e21ac42\" data-id=\"47e7e36\" data-element_type=\"e-flexbox\" data-e-type=\"e-flexbox\" data-interaction-id=\"47e7e36\">\n    \t\t<div class=\"elementor-element elementor-element-c825209 elementor-widget elementor-widget-text-editor\" data-id=\"c825209\" data-element_type=\"widget\" data-e-type=\"widget\" data-widget_type=\"text-editor.default\">\n\t\t\t\t\t\t\t\t\t<p><strong>\u00bfVes esto como una culminaci\u00f3n de tu serie de cortos?<\/strong><\/p>\n<p><!-- \/wp:paragraph --><!-- wp:paragraph --><\/p>\n<p>\u00abEs una continuaci\u00f3n de mis cortometrajes, donde comenc\u00e9 a explorar la t\u00e9cnica del <em>timelapse<\/em>, la fotograf\u00eda macro y el regreso en esta pel\u00edcula de algunas figuras que ya film\u00e9 en mis cortos. O el fen\u00f3meno del cambio clim\u00e1tico. Cosas que ya estaban en mis cortometrajes. Entonces, s\u00ed. \u00ab<\/p>\n<p><!-- \/wp:paragraph --><\/p>\t\t\t\t\t\t\t\t<\/div>\n\t\t\n<\/div>\n<div class=\"elementor-element elementor-element-cee548c e-con e-atomic-element e-flexbox-base e-f27c509\" data-id=\"cee548c\" data-element_type=\"e-flexbox\" data-e-type=\"e-flexbox\" data-interaction-id=\"cee548c\">\n    \t\t\t<img decoding=\"async\" class=\"e-image-base\" data-interaction-id=\"63e6139\" id=\"255\" src=\"https:\/\/www.revista-spoiler.com\/wp-content\/uploads\/2026\/08\/El-gran-viaje.webp\" width=\"1280\" height=\"720\" srcset=\"https:\/\/www.revista-spoiler.com\/wp-content\/uploads\/2026\/08\/El-gran-viaje.webp 1280w, https:\/\/www.revista-spoiler.com\/wp-content\/uploads\/2026\/08\/El-gran-viaje-300x169.webp 300w, https:\/\/www.revista-spoiler.com\/wp-content\/uploads\/2026\/08\/El-gran-viaje-1024x576.webp 1024w, https:\/\/www.revista-spoiler.com\/wp-content\/uploads\/2026\/08\/El-gran-viaje-768x432.webp 768w, https:\/\/www.revista-spoiler.com\/wp-content\/uploads\/2026\/08\/El-gran-viaje-18x10.webp 18w\" alt=\"\"\/>\t\t\n<\/div>\n\n<\/div>\n<div class=\"elementor-element elementor-element-148815c e-con e-atomic-element e-flexbox-base e-d358254\" data-id=\"148815c\" data-element_type=\"e-flexbox\" data-e-type=\"e-flexbox\" data-interaction-id=\"148815c\">\n    \t\t<div class=\"elementor-element elementor-element-438116e elementor-widget elementor-widget-text-editor\" data-id=\"438116e\" data-element_type=\"widget\" data-e-type=\"widget\" data-widget_type=\"text-editor.default\">\n\t\t\t\t\t\t\t\t\t<p><em>El gran viaje<\/em> se estrena en cines de Latinoam\u00e9rica el 27 de agosto.\u00a0<\/p>\t\t\t\t\t\t\t\t<\/div>\n\t\t\n<\/div>\n\t\t<\/div>","protected":false},"excerpt":{"rendered":"<p>La animaci\u00f3n se estren\u00f3 en la Semana de la Cr\u00edtica de Cannes. <\/p>","protected":false},"author":1,"featured_media":195,"comment_status":"closed","ping_status":"open","sticky":false,"template":"","format":"standard","meta":{"footnotes":""},"categories":[14,73],"tags":[53,39,28,56,38,54,57],"class_list":["post-228","post","type-post","status-publish","format-standard","has-post-thumbnail","hentry","category-entrevistas","category-portada","tag-el-gran-viaje","tag-entrevista","tag-estreno","tag-latinoamerica","tag-momoko-seto","tag-planetes","tag-revista-spoiler"],"_links":{"self":[{"href":"https:\/\/www.revista-spoiler.com\/es\/wp-json\/wp\/v2\/posts\/228","targetHints":{"allow":["GET"]}}],"collection":[{"href":"https:\/\/www.revista-spoiler.com\/es\/wp-json\/wp\/v2\/posts"}],"about":[{"href":"https:\/\/www.revista-spoiler.com\/es\/wp-json\/wp\/v2\/types\/post"}],"author":[{"embeddable":true,"href":"https:\/\/www.revista-spoiler.com\/es\/wp-json\/wp\/v2\/users\/1"}],"replies":[{"embeddable":true,"href":"https:\/\/www.revista-spoiler.com\/es\/wp-json\/wp\/v2\/comments?post=228"}],"version-history":[{"count":10,"href":"https:\/\/www.revista-spoiler.com\/es\/wp-json\/wp\/v2\/posts\/228\/revisions"}],"predecessor-version":[{"id":276,"href":"https:\/\/www.revista-spoiler.com\/es\/wp-json\/wp\/v2\/posts\/228\/revisions\/276"}],"wp:attachment":[{"href":"https:\/\/www.revista-spoiler.com\/es\/wp-json\/wp\/v2\/media?parent=228"}],"wp:term":[{"taxonomy":"category","embeddable":true,"href":"https:\/\/www.revista-spoiler.com\/es\/wp-json\/wp\/v2\/categories?post=228"},{"taxonomy":"post_tag","embeddable":true,"href":"https:\/\/www.revista-spoiler.com\/es\/wp-json\/wp\/v2\/tags?post=228"}],"curies":[{"name":"wp","href":"https:\/\/api.w.org\/{rel}","templated":true}]}}